{"id":137,"date":"2023-08-16T20:48:19","date_gmt":"2023-08-16T17:48:19","guid":{"rendered":"https:\/\/syntellect.hostingseo.com.tr\/blog\/?p=137"},"modified":"2023-08-16T20:48:20","modified_gmt":"2023-08-16T17:48:20","slug":"siradaki-adim-elektrikli-arac-donusumu-icin-ev-sarj-cozumleri","status":"publish","type":"post","link":"https:\/\/syntellect.com.tr\/blog\/siradaki-adim-elektrikli-arac-donusumu-icin-ev-sarj-cozumleri\/","title":{"rendered":"S\u0131radaki Ad\u0131m: Elektrikli Ara\u00e7 D\u00f6n\u00fc\u015f\u00fcm\u00fc \u0130\u00e7in Ev \u015earj \u00c7\u00f6z\u00fcmleri"},"content":{"rendered":"<p><strong>Elektrikli ara\u00e7lar<\/strong>, s\u00fcrd\u00fcr\u00fclebilir ula\u015f\u0131m\u0131n temsilcileri olarak \u00f6ne \u00e7\u0131k\u0131yor. Bu sebeple, <strong>elektrikli ara\u00e7 evde \u015farj<\/strong> konsepti b\u00fcy\u00fck bir \u00f6neme sahiptir. Ev tipi \u015farj istasyonu sayesinde kullan\u0131c\u0131lar, elektrikli ara\u00e7lar\u0131n\u0131 evlerinin konforunda pratik bir \u015fekilde \u015farj edebilirler. \u00c7evre dostu ve ekonomik olan bu \u00e7\u00f6z\u00fcm, gelece\u011fin ula\u015f\u0131m trendlerini \u015fekillendiren unsurlar aras\u0131nda yer al\u0131yor.<\/p>\n<h2>Elektrikli Ara\u00e7lar: \u00c7evre Dostu Gelece\u011fin Temsilcileri<\/h2>\n<p>Elektrikli ara\u00e7lar, \u00e7evre kirlili\u011fini azaltma ve fosil yak\u0131tlara olan ba\u011f\u0131ml\u0131l\u0131\u011f\u0131 azaltma potansiyeli sunar. Ancak, bu ara\u00e7lar\u0131n etkili bir \u015fekilde kullan\u0131labilmesi i\u00e7in uygun bir \u015farj altyap\u0131s\u0131 gereklidir. <strong>Evde \u015farj \u00e7\u00f6z\u00fcmleri,<\/strong> kullan\u0131c\u0131lar\u0131n elektrikli ara\u00e7lar\u0131n\u0131 rahatl\u0131kla ve g\u00fcvenli bir \u015fekilde \u015farj etmelerine olanak tan\u0131r. Ev tipi \u015farj istasyonlar\u0131 sayesinde ara\u00e7lar\u0131n\u0131z\u0131 uygun maliyetlerle evinizde \u015farj edebilirsiniz. gerekiyor. <strong>Elektrikli ara\u00e7 \u015farj istasyonu<\/strong>, bu ara\u00e7lar\u0131 kullanman\u0131n pratik ve etkili bir yolunu sunar.<\/p>\n<h2>Evde Elektrikli Ara\u00e7 \u015earj: Enerji Tasarrufu Sa\u011flarken \u00c7evreyi Koruyun<\/h2>\n<p><strong>Elektrikli ara\u00e7 evde \u015farj <\/strong>se\u00e7ene\u011fi, ara\u00e7 sahiplerine hem enerji tasarrufu hem de \u00e7evre koruma f\u0131rsat\u0131 sunar. Evde yap\u0131lan \u015farj i\u015flemleri, enerji maliyetlerini d\u00fc\u015f\u00fcrmeye yard\u0131mc\u0131 olurken ayn\u0131 zamanda kamusal \u015farj istasyonlar\u0131n\u0131n yo\u011funlu\u011funu azalt\u0131r. <strong>Elektrikli ara\u00e7 \u015farj \u00fcniteleri<\/strong>, evde \u015farj \u00e7\u00f6z\u00fcmlerinin \u00f6nemli bir par\u00e7as\u0131n\u0131 olu\u015fturur. Bu \u00fcniteler sayesinde kullan\u0131c\u0131lar, elektrikli ara\u00e7lar\u0131n\u0131 h\u0131zl\u0131 ve g\u00fcvenli bir \u015fekilde \u015farj edebilirler.<\/p>\n<h2>Syntellect Ev Tipi \u015earj \u0130stasyonlar\u0131: G\u00fcvenilir ve H\u0131zl\u0131 \u015earj Deneyimi<\/h2>\n<p><strong>Syntellect<\/strong> olarak, gelece\u011fin ula\u015f\u0131m\u0131n\u0131 \u015fekillendiren bu \u00f6nemli d\u00f6n\u00fc\u015f\u00fcme destek sa\u011fl\u0131yoruz. Kaliteli ve g\u00fcvenilir elektrikli ara\u00e7 \u015farj \u00fcniteleri ile kullan\u0131c\u0131lar, ara\u00e7lar\u0131n\u0131 her daim haz\u0131r tutabilirler. Ev tipi \u015farj istasyonlar\u0131, h\u0131zl\u0131 ve g\u00fcvenli \u015farj deneyimi sunarak elektrikli ara\u00e7 sahiplerine b\u00fcy\u00fck kolayl\u0131k sa\u011flar.<\/p>\n<p><strong>Siz de Gelece\u011fe Ad\u0131m At\u0131n!<\/strong><\/p>\n<p>Elektrikli ara\u00e7lar\u0131n yayg\u0131nla\u015fmas\u0131 ve s\u00fcrd\u00fcr\u00fclebilir bir gelece\u011fin in\u015fas\u0131na katk\u0131 sa\u011flamak i\u00e7in siz de ad\u0131m at\u0131n. Syntellect&#8217;in \u00e7e\u015fitli <strong>ev tipi \u015farj istasyonu<\/strong> se\u00e7eneklerini inceleyerek, elektrikli arac\u0131n\u0131z\u0131 evde h\u0131zl\u0131 ve g\u00fcvenli bir \u015fekilde \u015farj etmenin avantaj\u0131n\u0131 ya\u015fay\u0131n.<\/p>\n<section id='' class='helpie-faq accordions faq-toggle open-first ' data-collection='' data-pagination='0' data-search='0' data-pagination-enabled='0'><h3 class=\"collection-title\">S\u0131k\u00e7a Sorulan Sorular<\/h3><form class=\"search\" onSubmit=\"return false;\"><div class=\"search__wrapper\"><input type=\"text\" class=\"search__input\" placeholder=\"Search FAQ\"><span class=\"search__icon\"><svg class=\"svg-icon--search\" role=\"img\" xmlns=\"http:\/\/www.w3.org\/2000\/svg\" viewBox=\"0 0 22 22\">\r\n                        <g fill=\"none\" stroke=\"#171717\">\r\n                            <path stroke-linecap=\"square\" stroke-width=\"2\" d=\"M18.5 18.3l-5.4-5.4\"\/>\r\n                            <circle cx=\"8\" cy=\"8\" r=\"7\" stroke-width=\"2\"\/>\r\n                        <\/g>\r\n                    <\/svg><\/span><\/div><div class=\"search__message\"><\/div><\/form><article class=\"accordion \"><div class='helpie-faq-row'><div class='helpie-faq-col helpie-faq-col-12' ><ul><li class=\"accordion__item \"><div class=\"accordion__header \" data-id=\"post-142\" data-item=\"hfaq-post-142\" style=\"background:transparent;\" data-tags=\"\"><div class=\"accordion__title\">Elektrikli ara\u00e7lar ev elektri\u011fi ile \u015farj edilebilir mi?<\/div><\/div><div class=\"accordion__body\" style=\"background:transparent;\"><p>Evet, <strong>elektrikli ara\u00e7lar<\/strong> ev elektri\u011fi ile \u015farj edilebilir. Evde kullan\u0131lan prizlere uygun bir \u015farj cihaz\u0131 ba\u011flanarak ara\u00e7lar\u0131n\u0131z\u0131 \u015farj edebilirsiniz.<\/p>\n<\/div><\/li><li class=\"accordion__item \"><div class=\"accordion__header \" data-id=\"post-143\" data-item=\"hfaq-post-143\" style=\"background:transparent;\" data-tags=\"\"><div class=\"accordion__title\">Elektrikli ara\u00e7larda \u015farj\u0131n verimli ve k\u0131sa s\u00fcrede olabilmesi i\u00e7in voltaj d\u00fczeyinin hangi aral\u0131kta olmas\u0131 istenir?<\/div><\/div><div class=\"accordion__body\" style=\"background:transparent;\"><p><strong>Elektrikli ara\u00e7<\/strong>lar\u0131n verimli ve k\u0131sa s\u00fcrede \u015farj edilmesi i\u00e7in genellikle 220-240V aral\u0131\u011f\u0131ndaki ev tipi elektrik prizleri veya daha y\u00fcksek voltajl\u0131 h\u0131zl\u0131 \u015farj istasyonlar\u0131 tercih edilir.<\/p>\n<\/div><\/li><li class=\"accordion__item \"><div class=\"accordion__header \" data-id=\"post-144\" data-item=\"hfaq-post-144\" style=\"background:transparent;\" data-tags=\"\"><div class=\"accordion__title\">Apartmanda elektrikli araba nas\u0131l \u015farj edilir?<\/div><\/div><div class=\"accordion__body\" style=\"background:transparent;\"><p>Apartmanda elektrikli araba \u015farj etmek i\u00e7in apartman y\u00f6netimiyle ileti\u015fime ge\u00e7ip, ortak kullan\u0131m alan\u0131na<strong> \u015farj istasyonlar\u0131<\/strong> kurulmas\u0131n\u0131 talep edebilirsiniz. Buna ek olarak, <strong>ev tipi \u015farj cihazlar\u0131<\/strong>n\u0131 da kullanarak arac\u0131n\u0131z\u0131 \u015farj edebilirsiniz.<\/p>\n<\/div><\/li><li class=\"accordion__item \"><div class=\"accordion__header \" data-id=\"post-145\" data-item=\"hfaq-post-145\" style=\"background:transparent;\" data-tags=\"\"><div class=\"accordion__title\">TOGG evde nas\u0131l \u015farj edilir?<\/div><\/div><div class=\"accordion__body\" style=\"background:transparent;\"><p>T\u00fcrkiye&#8217;nin Otomobili Giri\u015fim Grubu (<strong>TOGG)<\/strong> elektrikli ara\u00e7lar\u0131, evde kullan\u0131lan \u015farj cihazlar\u0131 ile \u015farj edilebilir. Evde uygun bir elektrik prizine ba\u011flanarak veya <strong>ev tipi \u015farj \u00fcniteleri<\/strong> kullan\u0131larak \u015farj edilebilirler.<\/p>\n<\/div><\/li><\/ul><\/div><\/div><\/article><\/section>\n","protected":false},"excerpt":{"rendered":"<p>Elektrikli ara\u00e7lar, s\u00fcrd\u00fcr\u00fclebilir ula\u015f\u0131m\u0131n temsilcileri olarak \u00f6ne \u00e7\u0131k\u0131yor. Bu sebeple, elektrikli ara\u00e7 evde \u015farj konsepti b\u00fcy\u00fck bir \u00f6neme sahiptir. Ev tipi \u015farj istasyonu sayesinde kullan\u0131c\u0131lar, elektrikli ara\u00e7lar\u0131n\u0131 evlerinin konforunda pratik bir \u015fekilde \u015farj edebilirler. \u00c7evre dostu ve ekonomik olan bu \u00e7\u00f6z\u00fcm, gelece\u011fin ula\u015f\u0131m trendlerini \u015fekillendiren unsurlar aras\u0131nda yer al\u0131yor. Elektrikli Ara\u00e7lar: \u00c7evre Dostu Gelece\u011fin Temsilcileri Elektrikli ara\u00e7lar, \u00e7evre kirlili\u011fini azaltma&#8230;<\/p>\n","protected":false},"author":1,"featured_media":139,"comment_status":"open","ping_status":"open","sticky":false,"template":"","format":"standard","meta":{"footnotes":""},"categories":[1],"tags":[13,64,18,12,65],"class_list":["post-137","post","type-post","status-publish","format-standard","has-post-thumbnail","hentry","category-genel","tag-elektrikli-arac","tag-elektrikli-arac-evde-sarj","tag-elektrikli-arac-sarj-uniteleri","tag-ev-tipi-sarj-istasyonlari","tag-evde-sarj-cozumleri"],"_links":{"self":[{"href":"https:\/\/syntellect.com.tr\/blog\/wp-json\/wp\/v2\/posts\/137","targetHints":{"allow":["GET"]}}],"collection":[{"href":"https:\/\/syntellect.com.tr\/blog\/wp-json\/wp\/v2\/posts"}],"about":[{"href":"https:\/\/syntellect.com.tr\/blog\/wp-json\/wp\/v2\/types\/post"}],"author":[{"embeddable":true,"href":"https:\/\/syntellect.com.tr\/blog\/wp-json\/wp\/v2\/users\/1"}],"replies":[{"embeddable":true,"href":"https:\/\/syntellect.com.tr\/blog\/wp-json\/wp\/v2\/comments?post=137"}],"version-history":[{"count":3,"href":"https:\/\/syntellect.com.tr\/blog\/wp-json\/wp\/v2\/posts\/137\/revisions"}],"predecessor-version":[{"id":146,"href":"https:\/\/syntellect.com.tr\/blog\/wp-json\/wp\/v2\/posts\/137\/revisions\/146"}],"wp:featuredmedia":[{"embeddable":true,"href":"https:\/\/syntellect.com.tr\/blog\/wp-json\/wp\/v2\/media\/139"}],"wp:attachment":[{"href":"https:\/\/syntellect.com.tr\/blog\/wp-json\/wp\/v2\/media?parent=137"}],"wp:term":[{"taxonomy":"category","embeddable":true,"href":"https:\/\/syntellect.com.tr\/blog\/wp-json\/wp\/v2\/categories?post=137"},{"taxonomy":"post_tag","embeddable":true,"href":"https:\/\/syntellect.com.tr\/blog\/wp-json\/wp\/v2\/tags?post=137"}],"curies":[{"name":"wp","href":"https:\/\/api.w.org\/{rel}","templated":true}]}}